{"id":2574,"date":"2026-02-26T12:43:57","date_gmt":"2026-02-26T12:43:57","guid":{"rendered":"https:\/\/www.rematescar.cl\/webb\/?p=2574"},"modified":"2026-02-26T15:36:40","modified_gmt":"2026-02-26T15:36:40","slug":"inmunomedica-llega-a-bulnes-con-un-nuevo-centro-medico","status":"publish","type":"post","link":"https:\/\/www.rematescar.cl\/webb\/inmunomedica-llega-a-bulnes-con-un-nuevo-centro-medico\/","title":{"rendered":"Inmunom\u00e9dica llega a Bulnes con un nuevo centro m\u00e9dico"},"content":{"rendered":"<p><span style=\"font-family: Arial, Helvetica, sans-serif;\"><strong>Muy pronto abriremos nuestras puertas para cuidar tu salud y la de tu familia.<\/strong><\/span><\/p>\n<p><span style=\"font-family: Arial, Helvetica, sans-serif;\"><strong>Consultas m\u00e9dicas y especialidades, toma de muestras para ex\u00e1menes de laboratorio,<\/strong><\/span><br \/>\n<span style=\"font-family: Arial, Helvetica, sans-serif;\"><strong>radiograf\u00edas, mamograf\u00edas, ecograf\u00edas, ex\u00e1menes cardiol\u00f3gicos<\/strong><\/span><br \/>\n<span style=\"font-family: Arial, Helvetica, sans-serif;\"><strong>y servicio de kinesiolog\u00eda, todo en un solo lugar.<\/strong><\/span><\/p>\n<p><span style=\"font-family: Arial, Helvetica, sans-serif;\"><strong>Te esperamos en Pedro Lagos 114, esquina O&#8217;Higgins, Bulnes.<\/strong><\/span><br \/>\n<span style=\"font-family: Arial, Helvetica, sans-serif;\"><strong>M\u00e1s informaci\u00f3n al 600 4010 412.<\/strong><\/span><\/p>\n<p><span style=\"font-family: Arial, Helvetica, sans-serif;\"><strong>M\u00e9dicos Generales: <\/strong><\/span><br \/>\n<span style=\"font-family: Arial, Helvetica, sans-serif;\"><strong>\u2022Dr. Rodrigo Pincheira<\/strong><\/span><br \/>\n<span style=\"font-family: Arial, Helvetica, sans-serif;\"><strong>Atenci\u00f3n d\u00edas lunes y mi\u00e9rcoles de 18:00 a 20:00 Hrs.<\/strong><\/span><br \/>\n<span style=\"font-family: Arial, Helvetica, sans-serif;\"><strong>* Dr. Gregory Trzebiatowski <\/strong><\/span><br \/>\n<span style=\"font-family: Arial, Helvetica, sans-serif;\"><strong>Atenci\u00f3n d\u00edas lunes y viernes de 09:00 a 14:00 Hrs.<\/strong><\/span><\/p>\n<p><span style=\"font-family: Arial, Helvetica, sans-serif;\"><strong>Especialistas:<\/strong><\/span><br \/>\n<span style=\"font-family: Arial, Helvetica, sans-serif;\"><strong>* Ginec\u00f3loga Dra. Yohana Carrillo<\/strong><\/span><br \/>\n<span style=\"font-family: Arial, Helvetica, sans-serif;\"><strong>Atenci\u00f3n d\u00edas Lunes y viernes de 18:00 a 20:00 Hrs.<\/strong><\/span><\/p>\n<p><span style=\"font-family: Arial, Helvetica, sans-serif;\"><strong>Atenci\u00f3n Fonasa, particular, Isapres y FF.AA<\/strong><\/span><\/p>\n<p>&nbsp;<\/p>\n<p><img loading=\"lazy\" decoding=\"async\" class=\"alignnone size-medium wp-image-2575\" src=\"https:\/\/www.rematescar.cl\/webb\/wp-content\/uploads\/2026\/02\/WhatsApp-Image-2026-02-26-at-09.30.511-300x225.jpeg\" alt=\"\" width=\"300\" height=\"225\" srcset=\"https:\/\/www.rematescar.cl\/webb\/wp-content\/uploads\/2026\/02\/WhatsApp-Image-2026-02-26-at-09.30.511-300x225.jpeg 300w, https:\/\/www.rematescar.cl\/webb\/wp-content\/uploads\/2026\/02\/WhatsApp-Image-2026-02-26-at-09.30.511-1024x768.jpeg 1024w, https:\/\/www.rematescar.cl\/webb\/wp-content\/uploads\/2026\/02\/WhatsApp-Image-2026-02-26-at-09.30.511-768x576.jpeg 768w, https:\/\/www.rematescar.cl\/webb\/wp-content\/uploads\/2026\/02\/WhatsApp-Image-2026-02-26-at-09.30.511-768x576@2x.jpeg 1536w, https:\/\/www.rematescar.cl\/webb\/wp-content\/uploads\/2026\/02\/WhatsApp-Image-2026-02-26-at-09.30.511-750x563.jpeg 750w, https:\/\/www.rematescar.cl\/webb\/wp-content\/uploads\/2026\/02\/WhatsApp-Image-2026-02-26-at-09.30.511.jpeg 1600w, https:\/\/www.rematescar.cl\/webb\/wp-content\/uploads\/2026\/02\/WhatsApp-Image-2026-02-26-at-09.30.511-300x225@2x.jpeg 600w, https:\/\/www.rematescar.cl\/webb\/wp-content\/uploads\/2026\/02\/WhatsApp-Image-2026-02-26-at-09.30.511-750x563@2x.jpeg 1500w\" sizes=\"(max-width: 300px) 100vw, 300px\" \/><\/p>\n<p><img loading=\"lazy\" decoding=\"async\" class=\"alignnone size-medium wp-image-2576\" src=\"https:\/\/www.rematescar.cl\/webb\/wp-content\/uploads\/2026\/02\/WhatsApp-Image-2026-02-26-at-09.30.51-300x225.jpeg\" alt=\"\" width=\"300\" height=\"225\" srcset=\"https:\/\/www.rematescar.cl\/webb\/wp-content\/uploads\/2026\/02\/WhatsApp-Image-2026-02-26-at-09.30.51-300x225.jpeg 300w, https:\/\/www.rematescar.cl\/webb\/wp-content\/uploads\/2026\/02\/WhatsApp-Image-2026-02-26-at-09.30.51-1024x768.jpeg 1024w, https:\/\/www.rematescar.cl\/webb\/wp-content\/uploads\/2026\/02\/WhatsApp-Image-2026-02-26-at-09.30.51-768x576.jpeg 768w, https:\/\/www.rematescar.cl\/webb\/wp-content\/uploads\/2026\/02\/WhatsApp-Image-2026-02-26-at-09.30.51-768x576@2x.jpeg 1536w, https:\/\/www.rematescar.cl\/webb\/wp-content\/uploads\/2026\/02\/WhatsApp-Image-2026-02-26-at-09.30.51-750x563.jpeg 750w, https:\/\/www.rematescar.cl\/webb\/wp-content\/uploads\/2026\/02\/WhatsApp-Image-2026-02-26-at-09.30.51.jpeg 1600w, https:\/\/www.rematescar.cl\/webb\/wp-content\/uploads\/2026\/02\/WhatsApp-Image-2026-02-26-at-09.30.51-300x225@2x.jpeg 600w, https:\/\/www.rematescar.cl\/webb\/wp-content\/uploads\/2026\/02\/WhatsApp-Image-2026-02-26-at-09.30.51-750x563@2x.jpeg 1500w\" sizes=\"(max-width: 300px) 100vw, 300px\" \/><\/p>\n<p><img loading=\"lazy\" decoding=\"async\" class=\"alignnone size-medium wp-image-2577\" src=\"https:\/\/www.rematescar.cl\/webb\/wp-content\/uploads\/2026\/02\/WhatsApp-Image-2026-02-26-at-09.30.512-300x225.jpeg\" alt=\"\" width=\"300\" height=\"225\" srcset=\"https:\/\/www.rematescar.cl\/webb\/wp-content\/uploads\/2026\/02\/WhatsApp-Image-2026-02-26-at-09.30.512-300x225.jpeg 300w, https:\/\/www.rematescar.cl\/webb\/wp-content\/uploads\/2026\/02\/WhatsApp-Image-2026-02-26-at-09.30.512-1024x768.jpeg 1024w, https:\/\/www.rematescar.cl\/webb\/wp-content\/uploads\/2026\/02\/WhatsApp-Image-2026-02-26-at-09.30.512-768x576.jpeg 768w, https:\/\/www.rematescar.cl\/webb\/wp-content\/uploads\/2026\/02\/WhatsApp-Image-2026-02-26-at-09.30.512-768x576@2x.jpeg 1536w, https:\/\/www.rematescar.cl\/webb\/wp-content\/uploads\/2026\/02\/WhatsApp-Image-2026-02-26-at-09.30.512-750x563.jpeg 750w, https:\/\/www.rematescar.cl\/webb\/wp-content\/uploads\/2026\/02\/WhatsApp-Image-2026-02-26-at-09.30.512.jpeg 1600w, https:\/\/www.rematescar.cl\/webb\/wp-content\/uploads\/2026\/02\/WhatsApp-Image-2026-02-26-at-09.30.512-300x225@2x.jpeg 600w, https:\/\/www.rematescar.cl\/webb\/wp-content\/uploads\/2026\/02\/WhatsApp-Image-2026-02-26-at-09.30.512-750x563@2x.jpeg 1500w\" sizes=\"(max-width: 300px) 100vw, 300px\" \/><\/p>\n","protected":false},"excerpt":{"rendered":"<p>Muy pronto abriremos nuestras puertas para cuidar tu salud y la de tu familia. Consultas m\u00e9dicas y especialidades, toma de muestras para ex\u00e1menes de laboratorio, radiograf\u00edas, mamograf\u00edas, ecograf\u00edas, ex\u00e1menes cardiol\u00f3gicos y servicio de kinesiolog\u00eda, todo en un solo lugar. Te esperamos en Pedro Lagos 114, esquina O&#8217;Higgins, Bulnes. M\u00e1s informaci\u00f3n al 600 4010 412. M\u00e9dicos [&hellip;]<\/p>\n","protected":false},"author":3,"featured_media":2577,"comment_status":"closed","ping_status":"closed","sticky":false,"template":"","format":"standard","meta":{"footnotes":""},"categories":[33],"tags":[],"_links":{"self":[{"href":"https:\/\/www.rematescar.cl\/webb\/wp-json\/wp\/v2\/posts\/2574"}],"collection":[{"href":"https:\/\/www.rematescar.cl\/webb\/wp-json\/wp\/v2\/posts"}],"about":[{"href":"https:\/\/www.rematescar.cl\/webb\/wp-json\/wp\/v2\/types\/post"}],"author":[{"embeddable":true,"href":"https:\/\/www.rematescar.cl\/webb\/wp-json\/wp\/v2\/users\/3"}],"replies":[{"embeddable":true,"href":"https:\/\/www.rematescar.cl\/webb\/wp-json\/wp\/v2\/comments?post=2574"}],"version-history":[{"count":3,"href":"https:\/\/www.rematescar.cl\/webb\/wp-json\/wp\/v2\/posts\/2574\/revisions"}],"predecessor-version":[{"id":2580,"href":"https:\/\/www.rematescar.cl\/webb\/wp-json\/wp\/v2\/posts\/2574\/revisions\/2580"}],"wp:featuredmedia":[{"embeddable":true,"href":"https:\/\/www.rematescar.cl\/webb\/wp-json\/wp\/v2\/media\/2577"}],"wp:attachment":[{"href":"https:\/\/www.rematescar.cl\/webb\/wp-json\/wp\/v2\/media?parent=2574"}],"wp:term":[{"taxonomy":"category","embeddable":true,"href":"https:\/\/www.rematescar.cl\/webb\/wp-json\/wp\/v2\/categories?post=2574"},{"taxonomy":"post_tag","embeddable":true,"href":"https:\/\/www.rematescar.cl\/webb\/wp-json\/wp\/v2\/tags?post=2574"}],"curies":[{"name":"wp","href":"https:\/\/api.w.org\/{rel}","templated":true}]}}