{"id":2554,"date":"2025-12-06T05:10:44","date_gmt":"2025-12-06T05:10:44","guid":{"rendered":"https:\/\/www.rematescar.cl\/webb\/?p=2554"},"modified":"2025-12-06T05:14:05","modified_gmt":"2025-12-06T05:14:05","slug":"martes-9-de-diciembre-remate-en-san-carlos-24-y-31-de-diciembre-en-feria-bulnes-no-se-realizaran","status":"publish","type":"post","link":"https:\/\/www.rematescar.cl\/webb\/martes-9-de-diciembre-remate-en-san-carlos-24-y-31-de-diciembre-en-feria-bulnes-no-se-realizaran\/","title":{"rendered":"Martes 9 de Diciembre Remate en San Carlos &#8211; 24 y 31 de diciembre en feria Bulnes no se realizaran."},"content":{"rendered":"<p>CAR Limitada informa que, por ser feriado el lunes 08 de diciembre, el remate de feria San Carlos se realizar\u00e1 el martes 09 del mismo mes. Remates de 15,22 y 29 se realizar\u00e1n normalmente el lunes en feria San Carlos.<\/p>\n<p>Tambi\u00e9n aprovechamos de informar que los remates del 24 y 31 de diciembre en feria Bulnes no se realizaran.<\/p>\n<p><img loading=\"lazy\" decoding=\"async\" class=\"aligncenter size-full wp-image-2033\" src=\"https:\/\/www.rematescar.cl\/webb\/wp-content\/uploads\/2017\/07\/DJI_0039.jpg\" alt=\"\" width=\"1024\" height=\"576\" srcset=\"https:\/\/www.rematescar.cl\/webb\/wp-content\/uploads\/2017\/07\/DJI_0039.jpg 1024w, https:\/\/www.rematescar.cl\/webb\/wp-content\/uploads\/2017\/07\/DJI_0039-300x169.jpg 300w, https:\/\/www.rematescar.cl\/webb\/wp-content\/uploads\/2017\/07\/DJI_0039-768x432.jpg 768w, https:\/\/www.rematescar.cl\/webb\/wp-content\/uploads\/2017\/07\/DJI_0039-750x422.jpg 750w, https:\/\/www.rematescar.cl\/webb\/wp-content\/uploads\/2017\/07\/DJI_0039-555x313.jpg 555w, https:\/\/www.rematescar.cl\/webb\/wp-content\/uploads\/2017\/07\/DJI_0039-450x254.jpg 450w, https:\/\/www.rematescar.cl\/webb\/wp-content\/uploads\/2017\/07\/DJI_0039-300x169@2x.jpg 600w, https:\/\/www.rematescar.cl\/webb\/wp-content\/uploads\/2017\/07\/DJI_0039-450x254@2x.jpg 900w\" sizes=\"(max-width: 1024px) 100vw, 1024px\" \/><\/p>\n","protected":false},"excerpt":{"rendered":"<p>CAR Limitada informa que, por ser feriado el lunes 08 de diciembre, el remate de feria San Carlos se realizar\u00e1 el martes 09 del mismo mes. Remates de 15,22 y 29 se realizar\u00e1n normalmente el lunes en feria San Carlos. Tambi\u00e9n aprovechamos de informar que los remates del 24 y 31 de diciembre en feria [&hellip;]<\/p>\n","protected":false},"author":2,"featured_media":2028,"comment_status":"closed","ping_status":"closed","sticky":false,"template":"","format":"standard","meta":{"footnotes":""},"categories":[33,35],"tags":[],"_links":{"self":[{"href":"https:\/\/www.rematescar.cl\/webb\/wp-json\/wp\/v2\/posts\/2554"}],"collection":[{"href":"https:\/\/www.rematescar.cl\/webb\/wp-json\/wp\/v2\/posts"}],"about":[{"href":"https:\/\/www.rematescar.cl\/webb\/wp-json\/wp\/v2\/types\/post"}],"author":[{"embeddable":true,"href":"https:\/\/www.rematescar.cl\/webb\/wp-json\/wp\/v2\/users\/2"}],"replies":[{"embeddable":true,"href":"https:\/\/www.rematescar.cl\/webb\/wp-json\/wp\/v2\/comments?post=2554"}],"version-history":[{"count":1,"href":"https:\/\/www.rematescar.cl\/webb\/wp-json\/wp\/v2\/posts\/2554\/revisions"}],"predecessor-version":[{"id":2555,"href":"https:\/\/www.rematescar.cl\/webb\/wp-json\/wp\/v2\/posts\/2554\/revisions\/2555"}],"wp:featuredmedia":[{"embeddable":true,"href":"https:\/\/www.rematescar.cl\/webb\/wp-json\/wp\/v2\/media\/2028"}],"wp:attachment":[{"href":"https:\/\/www.rematescar.cl\/webb\/wp-json\/wp\/v2\/media?parent=2554"}],"wp:term":[{"taxonomy":"category","embeddable":true,"href":"https:\/\/www.rematescar.cl\/webb\/wp-json\/wp\/v2\/categories?post=2554"},{"taxonomy":"post_tag","embeddable":true,"href":"https:\/\/www.rematescar.cl\/webb\/wp-json\/wp\/v2\/tags?post=2554"}],"curies":[{"name":"wp","href":"https:\/\/api.w.org\/{rel}","templated":true}]}}