{"id":2541,"date":"2025-09-12T14:48:51","date_gmt":"2025-09-12T14:48:51","guid":{"rendered":"https:\/\/www.rematescar.cl\/webb\/?p=2541"},"modified":"2025-09-12T14:58:47","modified_gmt":"2025-09-12T14:58:47","slug":"ferias-car-informa-5","status":"publish","type":"post","link":"https:\/\/www.rematescar.cl\/webb\/ferias-car-informa-5\/","title":{"rendered":"Ferias CAR informa"},"content":{"rendered":"<p><!--StartFragment --><\/p>\n<p><span style=\"font-family: Arial, Helvetica, sans-serif;\">Informamos a nuestros distinguidos clientes y cooperados que, con motivo de las celebraciones de Fiestas Patrias, <strong>los remates programados para los d\u00edas 15 y 17 de septiembre no se llevar\u00e1n a cabo<\/strong>. El mi\u00e9rcoles 17 estar\u00e1 cerrada la oficina ubicada en arauco 949 Chill\u00e1n<\/span><\/p>\n<p><span style=\"font-family: Arial, Helvetica, sans-serif;\">Las actividades se retomar\u00e1n con normalidad el <strong>lunes 22 del presente mes<\/strong>.<\/span><\/p>\n<p><span style=\"font-family: Arial, Helvetica, sans-serif;\">Agradecemos su comprensi\u00f3n y les deseamos unas felices fiesta Patrias.<\/span><\/p>\n<p><span style=\"font-family: Arial, Helvetica, sans-serif;\">Ferias CAR<\/span><\/p>\n<p><img loading=\"lazy\" decoding=\"async\" class=\"alignnone size-medium wp-image-2028\" src=\"https:\/\/www.rematescar.cl\/webb\/wp-content\/uploads\/2017\/07\/DJI_0019-300x169.jpg\" alt=\"\" width=\"300\" height=\"169\" srcset=\"https:\/\/www.rematescar.cl\/webb\/wp-content\/uploads\/2017\/07\/DJI_0019-300x169.jpg 300w, https:\/\/www.rematescar.cl\/webb\/wp-content\/uploads\/2017\/07\/DJI_0019-768x432.jpg 768w, https:\/\/www.rematescar.cl\/webb\/wp-content\/uploads\/2017\/07\/DJI_0019.jpg 1024w, https:\/\/www.rematescar.cl\/webb\/wp-content\/uploads\/2017\/07\/DJI_0019-788x445.jpg 788w, https:\/\/www.rematescar.cl\/webb\/wp-content\/uploads\/2017\/07\/DJI_0019-750x422.jpg 750w, https:\/\/www.rematescar.cl\/webb\/wp-content\/uploads\/2017\/07\/DJI_0019-555x313.jpg 555w, https:\/\/www.rematescar.cl\/webb\/wp-content\/uploads\/2017\/07\/DJI_0019-450x254.jpg 450w, https:\/\/www.rematescar.cl\/webb\/wp-content\/uploads\/2017\/07\/DJI_0019-300x169@2x.jpg 600w, https:\/\/www.rematescar.cl\/webb\/wp-content\/uploads\/2017\/07\/DJI_0019-450x254@2x.jpg 900w\" sizes=\"(max-width: 300px) 100vw, 300px\" \/><\/p>\n<p><img loading=\"lazy\" decoding=\"async\" class=\"alignnone size-medium wp-image-2031\" src=\"https:\/\/www.rematescar.cl\/webb\/wp-content\/uploads\/2017\/07\/DJI_0027-300x169.jpg\" alt=\"\" width=\"300\" height=\"169\" srcset=\"https:\/\/www.rematescar.cl\/webb\/wp-content\/uploads\/2017\/07\/DJI_0027-300x169.jpg 300w, https:\/\/www.rematescar.cl\/webb\/wp-content\/uploads\/2017\/07\/DJI_0027-768x432.jpg 768w, https:\/\/www.rematescar.cl\/webb\/wp-content\/uploads\/2017\/07\/DJI_0027.jpg 1024w, https:\/\/www.rematescar.cl\/webb\/wp-content\/uploads\/2017\/07\/DJI_0027-788x445.jpg 788w, https:\/\/www.rematescar.cl\/webb\/wp-content\/uploads\/2017\/07\/DJI_0027-750x422.jpg 750w, https:\/\/www.rematescar.cl\/webb\/wp-content\/uploads\/2017\/07\/DJI_0027-555x313.jpg 555w, https:\/\/www.rematescar.cl\/webb\/wp-content\/uploads\/2017\/07\/DJI_0027-450x254.jpg 450w, https:\/\/www.rematescar.cl\/webb\/wp-content\/uploads\/2017\/07\/DJI_0027-300x169@2x.jpg 600w, https:\/\/www.rematescar.cl\/webb\/wp-content\/uploads\/2017\/07\/DJI_0027-450x254@2x.jpg 900w\" sizes=\"(max-width: 300px) 100vw, 300px\" \/><\/p>\n<p><img loading=\"lazy\" decoding=\"async\" class=\"alignnone size-medium wp-image-2543\" src=\"https:\/\/www.rematescar.cl\/webb\/wp-content\/uploads\/2025\/09\/bandera-220x300.jpg\" alt=\"\" width=\"220\" height=\"300\" srcset=\"https:\/\/www.rematescar.cl\/webb\/wp-content\/uploads\/2025\/09\/bandera-220x300.jpg 220w, https:\/\/www.rematescar.cl\/webb\/wp-content\/uploads\/2025\/09\/bandera.jpg 350w\" sizes=\"(max-width: 220px) 100vw, 220px\" \/><\/p>\n<p><!--EndFragment --><\/p>\n<p>&nbsp;<\/p>\n","protected":false},"excerpt":{"rendered":"<p>Informamos a nuestros distinguidos clientes y cooperados que, con motivo de las celebraciones de Fiestas Patrias, los remates programados para los d\u00edas 15 y 17 de septiembre no se llevar\u00e1n a cabo. El mi\u00e9rcoles 17 estar\u00e1 cerrada la oficina ubicada en arauco 949 Chill\u00e1n Las actividades se retomar\u00e1n con normalidad el lunes 22 del presente [&hellip;]<\/p>\n","protected":false},"author":3,"featured_media":2543,"comment_status":"closed","ping_status":"closed","sticky":false,"template":"","format":"standard","meta":{"footnotes":""},"categories":[33],"tags":[],"_links":{"self":[{"href":"https:\/\/www.rematescar.cl\/webb\/wp-json\/wp\/v2\/posts\/2541"}],"collection":[{"href":"https:\/\/www.rematescar.cl\/webb\/wp-json\/wp\/v2\/posts"}],"about":[{"href":"https:\/\/www.rematescar.cl\/webb\/wp-json\/wp\/v2\/types\/post"}],"author":[{"embeddable":true,"href":"https:\/\/www.rematescar.cl\/webb\/wp-json\/wp\/v2\/users\/3"}],"replies":[{"embeddable":true,"href":"https:\/\/www.rematescar.cl\/webb\/wp-json\/wp\/v2\/comments?post=2541"}],"version-history":[{"count":4,"href":"https:\/\/www.rematescar.cl\/webb\/wp-json\/wp\/v2\/posts\/2541\/revisions"}],"predecessor-version":[{"id":2546,"href":"https:\/\/www.rematescar.cl\/webb\/wp-json\/wp\/v2\/posts\/2541\/revisions\/2546"}],"wp:featuredmedia":[{"embeddable":true,"href":"https:\/\/www.rematescar.cl\/webb\/wp-json\/wp\/v2\/media\/2543"}],"wp:attachment":[{"href":"https:\/\/www.rematescar.cl\/webb\/wp-json\/wp\/v2\/media?parent=2541"}],"wp:term":[{"taxonomy":"category","embeddable":true,"href":"https:\/\/www.rematescar.cl\/webb\/wp-json\/wp\/v2\/categories?post=2541"},{"taxonomy":"post_tag","embeddable":true,"href":"https:\/\/www.rematescar.cl\/webb\/wp-json\/wp\/v2\/tags?post=2541"}],"curies":[{"name":"wp","href":"https:\/\/api.w.org\/{rel}","templated":true}]}}