{"id":2362,"date":"2023-12-14T14:53:48","date_gmt":"2023-12-14T14:53:48","guid":{"rendered":"http:\/\/www.rematescar.cl\/webb\/?p=2362"},"modified":"2023-12-14T14:58:21","modified_gmt":"2023-12-14T14:58:21","slug":"sag-informa-2","status":"publish","type":"post","link":"https:\/\/www.rematescar.cl\/webb\/sag-informa-2\/","title":{"rendered":"SAG INFORMA"},"content":{"rendered":"\n<p>SAG llama a no adquirir de manera informal vacunas contra la<br>Encefalomielitis Equina del Oeste<br>El Servicio hizo la advertencia a los due\u00f1os\/as de equinos tras detectar que algunas personas est\u00e1n<br>ofreciendo de manera irregular la vacuna contra la EEO que no se encuentra autorizada en Chile.<br>El Servicio Agr\u00edcola y Ganadero hace un llamado a los propietarios\/as de caballos a no adquirir<br>vacunas contra la Encefalomielitis Equina del Oeste (EEO), ya que no cuentan con la autorizaci\u00f3n del<br>SAG. Si bien, la enfermedad no est\u00e1 presente en Chile, el Servicio est\u00e1 trabajando junto al sector<br>privado para autorizar la importaci\u00f3n y uso especial de la vacuna en nuestro pa\u00eds en caso de que sea<br>necesario, seg\u00fan la evoluci\u00f3n de la situaci\u00f3n epidemiol\u00f3gica de la enfermedad cuya presencia ya<br>fue confirmada en Argentina y Uruguay.<br>El SAG emite esta advertencia despu\u00e9s de constatar que algunas personas est\u00e1n ofreciendo de<br>manera irregular una vacuna que no cuenta con la autorizaci\u00f3n correspondiente en Chile. Dado que<br>no se han registrado casos de Encefalomielitis Equina del Oeste en el pa\u00eds, el SAG destaca la<br>necesidad de centrar los esfuerzos en prevenir la introducci\u00f3n de la enfermedad a nuestro territorio.<br>Esto implica implementar medidas de resguardo, como la desinsectaci\u00f3n y el control de artr\u00f3podos,<br>como mosquitos y zancudos, en establos, lugares de crianza, mantenimiento y concentraci\u00f3n de<br>equinos, incluyendo recintos para eventos deportivos, as\u00ed como realizar revisiones cl\u00ednicas<br>peri\u00f3dicas a los animales.<br>\u201cLas vacunas no autorizadas pueden carecer de los est\u00e1ndares de calidad necesarios para<br>proporcionar una protecci\u00f3n efectiva contra la EEO. Esto pone en riesgo la salud y bienestar de los<br>equinos, ya que la eficacia de estas vacunas no est\u00e1 respaldada por estudios cient\u00edficos y<br>evaluaciones regulatorias, se\u00f1ala el director nacional del SAG, Jos\u00e9 Guajardo Reyes. Adem\u00e1s, \u201cla<br>adquisici\u00f3n informal de vacunas dificulta el control epidemiol\u00f3gico y la implementaci\u00f3n de<br>estrategias de prevenci\u00f3n a nivel nacional\u201d, indic\u00f3 el m\u00e9dico veterinario y m\u00e1xima autoridad del<br>SAG.<br>Cabe se\u00f1alar que la tenencia, comercializaci\u00f3n y uso de productos veterinarios no registrados o<br>autorizados por el SAG se encuentra prohibido por decreto, arriesgando una multa de 100 UTM.<br>La detecci\u00f3n oportuna de la EEO es clave, por eso ante la presencia de signos nerviosos en los<br>\u00e9quidos tales como cambios de conducta o comportamientos poco habituales, alteraci\u00f3n en la<br>coordinaci\u00f3n de movimientos, ceguera, postraci\u00f3n o convulsiones, se debe notificar de inmediato<br>al SAG en cualquiera de sus oficinas, en el correo electr\u00f3nico oficina.informaciones@sag.gob.cl o al<br>tel\u00e9fono 223451100.<\/p>\n","protected":false},"excerpt":{"rendered":"<p>SAG llama a no adquirir de manera informal vacunas contra laEncefalomielitis Equina del OesteEl Servicio hizo la advertencia a los due\u00f1os\/as de equinos tras detectar que algunas personas est\u00e1nofreciendo de manera irregular la vacuna contra la EEO que no se encuentra autorizada en Chile.El Servicio Agr\u00edcola y Ganadero hace un llamado a los propietarios\/as de [&hellip;]<\/p>\n","protected":false},"author":3,"featured_media":2309,"comment_status":"closed","ping_status":"open","sticky":false,"template":"","format":"standard","meta":{"footnotes":""},"categories":[33],"tags":[],"_links":{"self":[{"href":"https:\/\/www.rematescar.cl\/webb\/wp-json\/wp\/v2\/posts\/2362"}],"collection":[{"href":"https:\/\/www.rematescar.cl\/webb\/wp-json\/wp\/v2\/posts"}],"about":[{"href":"https:\/\/www.rematescar.cl\/webb\/wp-json\/wp\/v2\/types\/post"}],"author":[{"embeddable":true,"href":"https:\/\/www.rematescar.cl\/webb\/wp-json\/wp\/v2\/users\/3"}],"replies":[{"embeddable":true,"href":"https:\/\/www.rematescar.cl\/webb\/wp-json\/wp\/v2\/comments?post=2362"}],"version-history":[{"count":3,"href":"https:\/\/www.rematescar.cl\/webb\/wp-json\/wp\/v2\/posts\/2362\/revisions"}],"predecessor-version":[{"id":2365,"href":"https:\/\/www.rematescar.cl\/webb\/wp-json\/wp\/v2\/posts\/2362\/revisions\/2365"}],"wp:featuredmedia":[{"embeddable":true,"href":"https:\/\/www.rematescar.cl\/webb\/wp-json\/wp\/v2\/media\/2309"}],"wp:attachment":[{"href":"https:\/\/www.rematescar.cl\/webb\/wp-json\/wp\/v2\/media?parent=2362"}],"wp:term":[{"taxonomy":"category","embeddable":true,"href":"https:\/\/www.rematescar.cl\/webb\/wp-json\/wp\/v2\/categories?post=2362"},{"taxonomy":"post_tag","embeddable":true,"href":"https:\/\/www.rematescar.cl\/webb\/wp-json\/wp\/v2\/tags?post=2362"}],"curies":[{"name":"wp","href":"https:\/\/api.w.org\/{rel}","templated":true}]}}