{"id":2326,"date":"2023-11-07T18:28:48","date_gmt":"2023-11-07T18:28:48","guid":{"rendered":"http:\/\/www.rematescar.cl\/webb\/?p=2326"},"modified":"2023-11-08T13:38:39","modified_gmt":"2023-11-08T13:38:39","slug":"colocacion-primera-piedra-edificio-de-uso-mixto-en-la-comuna-de-bulnes","status":"publish","type":"post","link":"https:\/\/www.rematescar.cl\/webb\/colocacion-primera-piedra-edificio-de-uso-mixto-en-la-comuna-de-bulnes\/","title":{"rendered":"COLOCACION PRIMERA PIEDRA EDIFICIO DE USO MIXTO EN LA COMUNA DE BULNES"},"content":{"rendered":"<p>&nbsp;<\/p>\n<p>El viernes 3 de Noviembre de 2023, se llev\u00f3 la ceremonia de <strong>la Colocaci\u00f3n de la Primera Piedra del Edificio Mixto<\/strong> que construir\u00e1 nuestra <strong>Cooperativa CAR \u00d1uble Ltda.<\/strong>, en su propiedad de 3.100 M\u00b2, ubicada en la esquina de las calles Pedro Lagos con O \u201cHiggins, consistente en un edificio que tendr\u00e1 640 M\u00b2 construidos y albergar\u00e1 en su segundo piso al <strong>Centro M\u00e9dico de Bulnes<\/strong> con seis consultas m\u00e9dicas, sala de espera y recepci\u00f3n, sala kin\u00e9sica, dos box de rayos, box para toma de muestras de sangre, oficina del administrador, sala de equipamiento inform\u00e1tico y una bodega. El Edificio contar\u00e1 con ascensor y ba\u00f1os para pacientes y otro para el personal.<\/p>\n<p>El primer piso tendr\u00e1 cuatro locales comerciales relativamente grandes y uno m\u00e1s peque\u00f1o, todos con ba\u00f1o, agua y luz independiente.<\/p>\n<p>El d\u00eda de la ceremonia se cont\u00f3 con la presencia del Consejo de Administraci\u00f3n de CAR, presidido por su Presidente, don Guillermo Mart\u00ednez Labb\u00e9, el Alcalde de la comuna de Bulnes, don Guillermo Yeber Rodr\u00edguez, el Diputado de la Rep\u00fablica, don Crist\u00f3bal Mart\u00ednez Ram\u00edrez, cooperados, trabajadores e invitados.<\/p>\n<p>La bendici\u00f3n la realiz\u00f3 el socio de CAR, Di\u00e1cono, don Juan Ram\u00f3n Moraga Henr\u00edquez.<\/p>\n<p>Al t\u00e9rmino de la ceremonia el Alcalde de Bulnes entreg\u00f3 un reconocimiento al Directorio de CAR, a trav\u00e9s de su Presidente, haciendo entrega de un galvano por su constante apoyo al desarrollo de la comuna de Bulnes.<\/p>\n<p><img loading=\"lazy\" decoding=\"async\" class=\"alignnone size-medium wp-image-2335\" src=\"http:\/\/www.rematescar.cl\/webb\/wp-content\/uploads\/2023\/11\/1-300x224.jpg\" alt=\"\" width=\"300\" height=\"224\" srcset=\"https:\/\/www.rematescar.cl\/webb\/wp-content\/uploads\/2023\/11\/1-300x224.jpg 300w, https:\/\/www.rematescar.cl\/webb\/wp-content\/uploads\/2023\/11\/1-768x573.jpg 768w, https:\/\/www.rematescar.cl\/webb\/wp-content\/uploads\/2023\/11\/1-750x559.jpg 750w, https:\/\/www.rematescar.cl\/webb\/wp-content\/uploads\/2023\/11\/1.jpg 775w, https:\/\/www.rematescar.cl\/webb\/wp-content\/uploads\/2023\/11\/1-300x224@2x.jpg 600w\" sizes=\"(max-width: 300px) 100vw, 300px\" \/><\/p>\n<p><img loading=\"lazy\" decoding=\"async\" class=\"alignnone size-medium wp-image-2328\" src=\"http:\/\/www.rematescar.cl\/webb\/wp-content\/uploads\/2023\/11\/IMG_4166-300x200.jpg\" alt=\"\" width=\"300\" height=\"200\" srcset=\"https:\/\/www.rematescar.cl\/webb\/wp-content\/uploads\/2023\/11\/IMG_4166-300x200.jpg 300w, https:\/\/www.rematescar.cl\/webb\/wp-content\/uploads\/2023\/11\/IMG_4166-768x513.jpg 768w, https:\/\/www.rematescar.cl\/webb\/wp-content\/uploads\/2023\/11\/IMG_4166.jpg 1024w, https:\/\/www.rematescar.cl\/webb\/wp-content\/uploads\/2023\/11\/IMG_4166-750x501.jpg 750w, https:\/\/www.rematescar.cl\/webb\/wp-content\/uploads\/2023\/11\/IMG_4166-300x200@2x.jpg 600w\" sizes=\"(max-width: 300px) 100vw, 300px\" \/> <img loading=\"lazy\" decoding=\"async\" class=\"alignnone size-medium wp-image-2329\" src=\"http:\/\/www.rematescar.cl\/webb\/wp-content\/uploads\/2023\/11\/IMG_4175-300x200.jpg\" alt=\"\" width=\"300\" height=\"200\" srcset=\"https:\/\/www.rematescar.cl\/webb\/wp-content\/uploads\/2023\/11\/IMG_4175-300x200.jpg 300w, https:\/\/www.rematescar.cl\/webb\/wp-content\/uploads\/2023\/11\/IMG_4175-768x513.jpg 768w, https:\/\/www.rematescar.cl\/webb\/wp-content\/uploads\/2023\/11\/IMG_4175.jpg 1024w, https:\/\/www.rematescar.cl\/webb\/wp-content\/uploads\/2023\/11\/IMG_4175-750x501.jpg 750w, https:\/\/www.rematescar.cl\/webb\/wp-content\/uploads\/2023\/11\/IMG_4175-300x200@2x.jpg 600w\" sizes=\"(max-width: 300px) 100vw, 300px\" \/> <img loading=\"lazy\" decoding=\"async\" class=\"alignnone size-medium wp-image-2330\" src=\"http:\/\/www.rematescar.cl\/webb\/wp-content\/uploads\/2023\/11\/IMG_4184-300x200.jpg\" alt=\"\" width=\"300\" height=\"200\" srcset=\"https:\/\/www.rematescar.cl\/webb\/wp-content\/uploads\/2023\/11\/IMG_4184-300x200.jpg 300w, https:\/\/www.rematescar.cl\/webb\/wp-content\/uploads\/2023\/11\/IMG_4184-768x513.jpg 768w, https:\/\/www.rematescar.cl\/webb\/wp-content\/uploads\/2023\/11\/IMG_4184.jpg 1024w, https:\/\/www.rematescar.cl\/webb\/wp-content\/uploads\/2023\/11\/IMG_4184-750x501.jpg 750w, https:\/\/www.rematescar.cl\/webb\/wp-content\/uploads\/2023\/11\/IMG_4184-300x200@2x.jpg 600w\" sizes=\"(max-width: 300px) 100vw, 300px\" \/><\/p>\n<p><img loading=\"lazy\" decoding=\"async\" class=\"alignnone size-medium wp-image-2331\" src=\"http:\/\/www.rematescar.cl\/webb\/wp-content\/uploads\/2023\/11\/IMG_4241-1-300x200.jpg\" alt=\"\" width=\"300\" height=\"200\" srcset=\"https:\/\/www.rematescar.cl\/webb\/wp-content\/uploads\/2023\/11\/IMG_4241-1-300x200.jpg 300w, https:\/\/www.rematescar.cl\/webb\/wp-content\/uploads\/2023\/11\/IMG_4241-1-768x513.jpg 768w, https:\/\/www.rematescar.cl\/webb\/wp-content\/uploads\/2023\/11\/IMG_4241-1.jpg 1024w, https:\/\/www.rematescar.cl\/webb\/wp-content\/uploads\/2023\/11\/IMG_4241-1-750x501.jpg 750w, https:\/\/www.rematescar.cl\/webb\/wp-content\/uploads\/2023\/11\/IMG_4241-1-300x200@2x.jpg 600w\" sizes=\"(max-width: 300px) 100vw, 300px\" \/> <img loading=\"lazy\" decoding=\"async\" class=\"alignnone size-medium wp-image-2332\" src=\"http:\/\/www.rematescar.cl\/webb\/wp-content\/uploads\/2023\/11\/IMG_4246-300x200.jpg\" alt=\"\" width=\"300\" height=\"200\" srcset=\"https:\/\/www.rematescar.cl\/webb\/wp-content\/uploads\/2023\/11\/IMG_4246-300x200.jpg 300w, https:\/\/www.rematescar.cl\/webb\/wp-content\/uploads\/2023\/11\/IMG_4246-768x513.jpg 768w, https:\/\/www.rematescar.cl\/webb\/wp-content\/uploads\/2023\/11\/IMG_4246.jpg 1024w, https:\/\/www.rematescar.cl\/webb\/wp-content\/uploads\/2023\/11\/IMG_4246-750x501.jpg 750w, https:\/\/www.rematescar.cl\/webb\/wp-content\/uploads\/2023\/11\/IMG_4246-300x200@2x.jpg 600w\" sizes=\"(max-width: 300px) 100vw, 300px\" \/> <img loading=\"lazy\" decoding=\"async\" class=\"alignnone size-medium wp-image-2333\" src=\"http:\/\/www.rematescar.cl\/webb\/wp-content\/uploads\/2023\/11\/IMG_4274-300x200.jpg\" alt=\"\" width=\"300\" height=\"200\" srcset=\"https:\/\/www.rematescar.cl\/webb\/wp-content\/uploads\/2023\/11\/IMG_4274-300x200.jpg 300w, https:\/\/www.rematescar.cl\/webb\/wp-content\/uploads\/2023\/11\/IMG_4274-768x513.jpg 768w, https:\/\/www.rematescar.cl\/webb\/wp-content\/uploads\/2023\/11\/IMG_4274.jpg 1024w, https:\/\/www.rematescar.cl\/webb\/wp-content\/uploads\/2023\/11\/IMG_4274-750x501.jpg 750w, https:\/\/www.rematescar.cl\/webb\/wp-content\/uploads\/2023\/11\/IMG_4274-300x200@2x.jpg 600w\" sizes=\"(max-width: 300px) 100vw, 300px\" \/><\/p>\n<p><img loading=\"lazy\" decoding=\"async\" class=\"alignnone size-medium wp-image-2334\" src=\"http:\/\/www.rematescar.cl\/webb\/wp-content\/uploads\/2023\/11\/IMG_4343-300x200.jpg\" alt=\"\" width=\"300\" height=\"200\" srcset=\"https:\/\/www.rematescar.cl\/webb\/wp-content\/uploads\/2023\/11\/IMG_4343-300x200.jpg 300w, https:\/\/www.rematescar.cl\/webb\/wp-content\/uploads\/2023\/11\/IMG_4343-768x513.jpg 768w, https:\/\/www.rematescar.cl\/webb\/wp-content\/uploads\/2023\/11\/IMG_4343.jpg 1024w, https:\/\/www.rematescar.cl\/webb\/wp-content\/uploads\/2023\/11\/IMG_4343-750x501.jpg 750w, https:\/\/www.rematescar.cl\/webb\/wp-content\/uploads\/2023\/11\/IMG_4343-300x200@2x.jpg 600w\" sizes=\"(max-width: 300px) 100vw, 300px\" \/><\/p>\n<p>&nbsp;<\/p>\n","protected":false},"excerpt":{"rendered":"<p>&nbsp; El viernes 3 de Noviembre de 2023, se llev\u00f3 la ceremonia de la Colocaci\u00f3n de la Primera Piedra del Edificio Mixto que construir\u00e1 nuestra Cooperativa CAR \u00d1uble Ltda., en su propiedad de 3.100 M\u00b2, ubicada en la esquina de las calles Pedro Lagos con O \u201cHiggins, consistente en un edificio que tendr\u00e1 640 M\u00b2 [&hellip;]<\/p>\n","protected":false},"author":3,"featured_media":2327,"comment_status":"closed","ping_status":"open","sticky":false,"template":"","format":"standard","meta":{"footnotes":""},"categories":[33],"tags":[],"_links":{"self":[{"href":"https:\/\/www.rematescar.cl\/webb\/wp-json\/wp\/v2\/posts\/2326"}],"collection":[{"href":"https:\/\/www.rematescar.cl\/webb\/wp-json\/wp\/v2\/posts"}],"about":[{"href":"https:\/\/www.rematescar.cl\/webb\/wp-json\/wp\/v2\/types\/post"}],"author":[{"embeddable":true,"href":"https:\/\/www.rematescar.cl\/webb\/wp-json\/wp\/v2\/users\/3"}],"replies":[{"embeddable":true,"href":"https:\/\/www.rematescar.cl\/webb\/wp-json\/wp\/v2\/comments?post=2326"}],"version-history":[{"count":2,"href":"https:\/\/www.rematescar.cl\/webb\/wp-json\/wp\/v2\/posts\/2326\/revisions"}],"predecessor-version":[{"id":2337,"href":"https:\/\/www.rematescar.cl\/webb\/wp-json\/wp\/v2\/posts\/2326\/revisions\/2337"}],"wp:featuredmedia":[{"embeddable":true,"href":"https:\/\/www.rematescar.cl\/webb\/wp-json\/wp\/v2\/media\/2327"}],"wp:attachment":[{"href":"https:\/\/www.rematescar.cl\/webb\/wp-json\/wp\/v2\/media?parent=2326"}],"wp:term":[{"taxonomy":"category","embeddable":true,"href":"https:\/\/www.rematescar.cl\/webb\/wp-json\/wp\/v2\/categories?post=2326"},{"taxonomy":"post_tag","embeddable":true,"href":"https:\/\/www.rematescar.cl\/webb\/wp-json\/wp\/v2\/tags?post=2326"}],"curies":[{"name":"wp","href":"https:\/\/api.w.org\/{rel}","templated":true}]}}