{"id":2307,"date":"2024-01-12T14:15:39","date_gmt":"2024-01-12T14:15:39","guid":{"rendered":"http:\/\/www.rematescar.cl\/webb\/?p=2307"},"modified":"2024-01-12T14:15:40","modified_gmt":"2024-01-12T14:15:40","slug":"sag-informa","status":"publish","type":"post","link":"https:\/\/www.rematescar.cl\/webb\/sag-informa\/","title":{"rendered":"SAG INFORMA"},"content":{"rendered":"<p>SAG, informa que ahora el Formulario de Movimiento Animal (FMA) incluye un recuadro para realizar una declaraci\u00f3n sobre el estado de los animales que est\u00e1n siendo transportados, donde se especificar\u00e1 si tienen o no periodos de resguardo pendientes de medicamentos veterinarios aplicados y si presentan s\u00edntomas compatibles con Enfermedades de Denuncia Obligatoria (EDO).<\/p>\n<p><iframe loading=\"lazy\" width=\"788\" height=\"443\" src=\"https:\/\/www.youtube.com\/embed\/2QpEO78yRfo?feature=oembed\" frameborder=\"0\" allow=\"accelerometer; autoplay; clipboard-write; encrypted-media; gyroscope; picture-in-picture; web-share\" allowfullscreen title=\"SAG Informe\"><\/iframe><\/p>\n<p>https:\/\/www.sag.gob.cl\/noticias\/sag-fiscaliza-uso-de-fma-y-diio-en-feria-car-de-bulnes<\/p>\n<p><img loading=\"lazy\" decoding=\"async\" class=\"alignnone  wp-image-2309\" src=\"http:\/\/www.rematescar.cl\/webb\/wp-content\/uploads\/2023\/10\/sag.png\" alt=\"\" width=\"92\" height=\"92\" srcset=\"https:\/\/www.rematescar.cl\/webb\/wp-content\/uploads\/2023\/10\/sag.png 225w, https:\/\/www.rematescar.cl\/webb\/wp-content\/uploads\/2023\/10\/sag-150x150.png 150w\" sizes=\"(max-width: 92px) 100vw, 92px\" \/><\/p>\n<p>&nbsp;<\/p>\n","protected":false},"excerpt":{"rendered":"<p>SAG, informa que ahora el Formulario de Movimiento Animal (FMA) incluye un recuadro para realizar una declaraci\u00f3n sobre el estado de los animales que est\u00e1n siendo transportados, donde se especificar\u00e1 si tienen o no periodos de resguardo pendientes de medicamentos veterinarios aplicados y si presentan s\u00edntomas compatibles con Enfermedades de Denuncia Obligatoria (EDO). https:\/\/www.sag.gob.cl\/noticias\/sag-fiscaliza-uso-de-fma-y-diio-en-feria-car-de-bulnes &nbsp;<\/p>\n","protected":false},"author":3,"featured_media":2308,"comment_status":"closed","ping_status":"open","sticky":true,"template":"","format":"standard","meta":{"footnotes":""},"categories":[33],"tags":[],"_links":{"self":[{"href":"https:\/\/www.rematescar.cl\/webb\/wp-json\/wp\/v2\/posts\/2307"}],"collection":[{"href":"https:\/\/www.rematescar.cl\/webb\/wp-json\/wp\/v2\/posts"}],"about":[{"href":"https:\/\/www.rematescar.cl\/webb\/wp-json\/wp\/v2\/types\/post"}],"author":[{"embeddable":true,"href":"https:\/\/www.rematescar.cl\/webb\/wp-json\/wp\/v2\/users\/3"}],"replies":[{"embeddable":true,"href":"https:\/\/www.rematescar.cl\/webb\/wp-json\/wp\/v2\/comments?post=2307"}],"version-history":[{"count":2,"href":"https:\/\/www.rematescar.cl\/webb\/wp-json\/wp\/v2\/posts\/2307\/revisions"}],"predecessor-version":[{"id":2380,"href":"https:\/\/www.rematescar.cl\/webb\/wp-json\/wp\/v2\/posts\/2307\/revisions\/2380"}],"wp:featuredmedia":[{"embeddable":true,"href":"https:\/\/www.rematescar.cl\/webb\/wp-json\/wp\/v2\/media\/2308"}],"wp:attachment":[{"href":"https:\/\/www.rematescar.cl\/webb\/wp-json\/wp\/v2\/media?parent=2307"}],"wp:term":[{"taxonomy":"category","embeddable":true,"href":"https:\/\/www.rematescar.cl\/webb\/wp-json\/wp\/v2\/categories?post=2307"},{"taxonomy":"post_tag","embeddable":true,"href":"https:\/\/www.rematescar.cl\/webb\/wp-json\/wp\/v2\/tags?post=2307"}],"curies":[{"name":"wp","href":"https:\/\/api.w.org\/{rel}","templated":true}]}}