{"id":2270,"date":"2023-08-19T02:33:11","date_gmt":"2023-08-19T02:33:11","guid":{"rendered":"http:\/\/www.rematescar.cl\/webb\/?p=2270"},"modified":"2023-08-23T14:20:39","modified_gmt":"2023-08-23T14:20:39","slug":"2270-2","status":"publish","type":"post","link":"https:\/\/www.rematescar.cl\/webb\/2270-2\/","title":{"rendered":"TRANSMISI\u00d3N DEL REMATE SEMANAL EN VIVO DE LA FERIA DE BULNES"},"content":{"rendered":"<p>Estimados Cooperados y Clientes:<\/p>\n<p>Tenemos el agrado de informar a Ud. que nuestra Cooperativa CAR \u00d1uble Ltda. ha puesto a vuestra disposici\u00f3n la transmisi\u00f3n del remate semanal en vivo de la Feria de Bulnes de las diferentes categor\u00edas de vacunos, permiti\u00e9ndole escuchar y ver en forma simult\u00e1nea la subasta con excelente imagen y sonido, a trav\u00e9s del canal de YouTube,\u00a0<a href=\"https:\/\/www.youtube.com\/@FeriasCARNubleLtda.\/streams\">https:\/\/www.youtube.com\/@FeriasCARNubleLtda.\/streams<\/a> .<\/p>\n<p>Al mismo tiempo, recordamos a Ud. que esta transmisi\u00f3n puede ser visualizada desde cualquier dispositivo que tenga conexi\u00f3n a internet y en tel\u00e9fonos celulares y TV, usando la aplicaci\u00f3n de YouTube.<\/p>\n<p>Agradeceremos a Ud. suscribirse al canal, compartir la transmisi\u00f3n y hacer clic en la campanita para poder recibir las notificaciones de las transmisiones de nuestra comunidad YouTube.<\/p>\n<p>Finalmente, le informamos que prontamente iniciaremos la misma transmisi\u00f3n en nuestra Feria de San Carlos, los d\u00edas lunes de cada semana.<\/p>\n<p style=\"text-align: center;\"><iframe loading=\"lazy\" title=\"YouTube video player\" src=\"https:\/\/www.youtube.com\/embed\/Ww6HuqF3-Pk\" width=\"560\" height=\"315\" frameborder=\"0\" allowfullscreen=\"allowfullscreen\"><\/iframe><\/p>\n<p style=\"text-align: center;\">\n<img loading=\"lazy\" decoding=\"async\" class=\"aligncenter size-full wp-image-2271\" src=\"http:\/\/www.rematescar.cl\/webb\/wp-content\/uploads\/2023\/08\/FotoRemateEnLineaParaPagina.jpg\" alt=\"\" width=\"966\" height=\"540\" srcset=\"https:\/\/www.rematescar.cl\/webb\/wp-content\/uploads\/2023\/08\/FotoRemateEnLineaParaPagina.jpg 966w, https:\/\/www.rematescar.cl\/webb\/wp-content\/uploads\/2023\/08\/FotoRemateEnLineaParaPagina-300x168.jpg 300w, https:\/\/www.rematescar.cl\/webb\/wp-content\/uploads\/2023\/08\/FotoRemateEnLineaParaPagina-768x429.jpg 768w, https:\/\/www.rematescar.cl\/webb\/wp-content\/uploads\/2023\/08\/FotoRemateEnLineaParaPagina-750x419.jpg 750w, https:\/\/www.rematescar.cl\/webb\/wp-content\/uploads\/2023\/08\/FotoRemateEnLineaParaPagina-300x168@2x.jpg 600w\" sizes=\"(max-width: 966px) 100vw, 966px\" \/><\/p>\n<p>&nbsp;<\/p>\n<p><img loading=\"lazy\" decoding=\"async\" class=\"aligncenter wp-image-2276 size-full\" src=\"http:\/\/www.rematescar.cl\/webb\/wp-content\/uploads\/2023\/08\/FotoDelCanaldeYoutube.jpg\" alt=\"\" width=\"826\" height=\"564\" srcset=\"https:\/\/www.rematescar.cl\/webb\/wp-content\/uploads\/2023\/08\/FotoDelCanaldeYoutube.jpg 826w, https:\/\/www.rematescar.cl\/webb\/wp-content\/uploads\/2023\/08\/FotoDelCanaldeYoutube-300x205.jpg 300w, https:\/\/www.rematescar.cl\/webb\/wp-content\/uploads\/2023\/08\/FotoDelCanaldeYoutube-768x524.jpg 768w, https:\/\/www.rematescar.cl\/webb\/wp-content\/uploads\/2023\/08\/FotoDelCanaldeYoutube-750x512.jpg 750w, https:\/\/www.rematescar.cl\/webb\/wp-content\/uploads\/2023\/08\/FotoDelCanaldeYoutube-300x205@2x.jpg 600w\" sizes=\"(max-width: 826px) 100vw, 826px\" \/><\/p>\n<p>&nbsp;<\/p>\n<p>&nbsp;<\/p>\n<p>&nbsp;<\/p>\n<p>&nbsp;<\/p>\n<p>&nbsp;<\/p>\n","protected":false},"excerpt":{"rendered":"<p>Estimados Cooperados y Clientes: Tenemos el agrado de informar a Ud. que nuestra Cooperativa CAR \u00d1uble Ltda. ha puesto a vuestra disposici\u00f3n la transmisi\u00f3n del remate semanal en vivo de la Feria de Bulnes de las diferentes categor\u00edas de vacunos, permiti\u00e9ndole escuchar y ver en forma simult\u00e1nea la subasta con excelente imagen y sonido, a [&hellip;]<\/p>\n","protected":false},"author":2,"featured_media":2271,"comment_status":"closed","ping_status":"open","sticky":false,"template":"","format":"standard","meta":{"footnotes":""},"categories":[33],"tags":[],"_links":{"self":[{"href":"https:\/\/www.rematescar.cl\/webb\/wp-json\/wp\/v2\/posts\/2270"}],"collection":[{"href":"https:\/\/www.rematescar.cl\/webb\/wp-json\/wp\/v2\/posts"}],"about":[{"href":"https:\/\/www.rematescar.cl\/webb\/wp-json\/wp\/v2\/types\/post"}],"author":[{"embeddable":true,"href":"https:\/\/www.rematescar.cl\/webb\/wp-json\/wp\/v2\/users\/2"}],"replies":[{"embeddable":true,"href":"https:\/\/www.rematescar.cl\/webb\/wp-json\/wp\/v2\/comments?post=2270"}],"version-history":[{"count":8,"href":"https:\/\/www.rematescar.cl\/webb\/wp-json\/wp\/v2\/posts\/2270\/revisions"}],"predecessor-version":[{"id":2280,"href":"https:\/\/www.rematescar.cl\/webb\/wp-json\/wp\/v2\/posts\/2270\/revisions\/2280"}],"wp:featuredmedia":[{"embeddable":true,"href":"https:\/\/www.rematescar.cl\/webb\/wp-json\/wp\/v2\/media\/2271"}],"wp:attachment":[{"href":"https:\/\/www.rematescar.cl\/webb\/wp-json\/wp\/v2\/media?parent=2270"}],"wp:term":[{"taxonomy":"category","embeddable":true,"href":"https:\/\/www.rematescar.cl\/webb\/wp-json\/wp\/v2\/categories?post=2270"},{"taxonomy":"post_tag","embeddable":true,"href":"https:\/\/www.rematescar.cl\/webb\/wp-json\/wp\/v2\/tags?post=2270"}],"curies":[{"name":"wp","href":"https:\/\/api.w.org\/{rel}","templated":true}]}}