{"id":2221,"date":"2023-06-06T13:04:19","date_gmt":"2023-06-06T13:04:19","guid":{"rendered":"http:\/\/www.rematescar.cl\/webb\/?p=2221"},"modified":"2023-06-06T13:04:19","modified_gmt":"2023-06-06T13:04:19","slug":"cambio-en-dias-de-remate","status":"publish","type":"post","link":"https:\/\/www.rematescar.cl\/webb\/cambio-en-dias-de-remate\/","title":{"rendered":"CAMBIO EN D\u00cdAS DE REMATE"},"content":{"rendered":"<p><span style=\"font-family: roboto-medium;\">INFORMAMOS A NUESTROS COOPERADOS Y CLIENTES QUE POR SER FESTIVO LOS D\u00cdAS 21 Y 26 DE JUNIO DE 2023, \u00a0LOS REMATES SE EFECTUAR\u00c1N EN LAS SIGUIENTES FECHAS:<\/span><\/p>\n<p>&nbsp;<\/p>\n<p><span style=\"font-family: roboto-medium;\">-FERIA BULNES, EL REMATE DEL D\u00cdA MI\u00c9RCOLES 21, SE ADELANTARA PARA <strong>EL MARTES 20 DE JUNIO<\/strong>, EN SU HORARIO HABITUAL.<\/span><\/p>\n<p><span style=\"font-family: roboto-medium;\">-FERIA SAN CARLOS, EL REMATE DEL D\u00cdA LUNES 26, SE EFECTUARA EL <strong>MARTES 27 DE JUNIO<\/strong>, EN SU HORARIO HABITUAL.<\/span><\/p>\n<p><img loading=\"lazy\" decoding=\"async\" class=\"alignnone size-medium wp-image-2222\" src=\"http:\/\/www.rematescar.cl\/webb\/wp-content\/uploads\/2023\/06\/IMG_9868-300x225.jpg\" alt=\"\" width=\"300\" height=\"225\" srcset=\"https:\/\/www.rematescar.cl\/webb\/wp-content\/uploads\/2023\/06\/IMG_9868-300x225.jpg 300w, https:\/\/www.rematescar.cl\/webb\/wp-content\/uploads\/2023\/06\/IMG_9868-768x576.jpg 768w, https:\/\/www.rematescar.cl\/webb\/wp-content\/uploads\/2023\/06\/IMG_9868-1024x768.jpg 1024w, https:\/\/www.rematescar.cl\/webb\/wp-content\/uploads\/2023\/06\/IMG_9868-750x563.jpg 750w, https:\/\/www.rematescar.cl\/webb\/wp-content\/uploads\/2023\/06\/IMG_9868.jpg 2016w, https:\/\/www.rematescar.cl\/webb\/wp-content\/uploads\/2023\/06\/IMG_9868-300x225@2x.jpg 600w, https:\/\/www.rematescar.cl\/webb\/wp-content\/uploads\/2023\/06\/IMG_9868-768x576@2x.jpg 1536w, https:\/\/www.rematescar.cl\/webb\/wp-content\/uploads\/2023\/06\/IMG_9868-750x563@2x.jpg 1500w\" sizes=\"(max-width: 300px) 100vw, 300px\" \/><\/p>\n<p><span style=\"font-family: roboto-medium;\">SUBGERENCIA COMERCIAL<\/span><\/p>\n","protected":false},"excerpt":{"rendered":"<p>INFORMAMOS A NUESTROS COOPERADOS Y CLIENTES QUE POR SER FESTIVO LOS D\u00cdAS 21 Y 26 DE JUNIO DE 2023, \u00a0LOS REMATES SE EFECTUAR\u00c1N EN LAS SIGUIENTES FECHAS: &nbsp; -FERIA BULNES, EL REMATE DEL D\u00cdA MI\u00c9RCOLES 21, SE ADELANTARA PARA EL MARTES 20 DE JUNIO, EN SU HORARIO HABITUAL. -FERIA SAN CARLOS, EL REMATE DEL D\u00cdA [&hellip;]<\/p>\n","protected":false},"author":3,"featured_media":2029,"comment_status":"closed","ping_status":"open","sticky":false,"template":"","format":"standard","meta":{"footnotes":""},"categories":[33],"tags":[],"_links":{"self":[{"href":"https:\/\/www.rematescar.cl\/webb\/wp-json\/wp\/v2\/posts\/2221"}],"collection":[{"href":"https:\/\/www.rematescar.cl\/webb\/wp-json\/wp\/v2\/posts"}],"about":[{"href":"https:\/\/www.rematescar.cl\/webb\/wp-json\/wp\/v2\/types\/post"}],"author":[{"embeddable":true,"href":"https:\/\/www.rematescar.cl\/webb\/wp-json\/wp\/v2\/users\/3"}],"replies":[{"embeddable":true,"href":"https:\/\/www.rematescar.cl\/webb\/wp-json\/wp\/v2\/comments?post=2221"}],"version-history":[{"count":2,"href":"https:\/\/www.rematescar.cl\/webb\/wp-json\/wp\/v2\/posts\/2221\/revisions"}],"predecessor-version":[{"id":2224,"href":"https:\/\/www.rematescar.cl\/webb\/wp-json\/wp\/v2\/posts\/2221\/revisions\/2224"}],"wp:featuredmedia":[{"embeddable":true,"href":"https:\/\/www.rematescar.cl\/webb\/wp-json\/wp\/v2\/media\/2029"}],"wp:attachment":[{"href":"https:\/\/www.rematescar.cl\/webb\/wp-json\/wp\/v2\/media?parent=2221"}],"wp:term":[{"taxonomy":"category","embeddable":true,"href":"https:\/\/www.rematescar.cl\/webb\/wp-json\/wp\/v2\/categories?post=2221"},{"taxonomy":"post_tag","embeddable":true,"href":"https:\/\/www.rematescar.cl\/webb\/wp-json\/wp\/v2\/tags?post=2221"}],"curies":[{"name":"wp","href":"https:\/\/api.w.org\/{rel}","templated":true}]}}